{"id":18751,"date":"2020-07-13T12:58:45","date_gmt":"2020-07-13T10:58:45","guid":{"rendered":"http:\/\/www.irse-ebi.org.mialias.net\/?p=18751"},"modified":"2020-07-21T11:16:17","modified_gmt":"2020-07-21T09:16:17","slug":"irse-ebi-se-suma-al-euskaraldia","status":"publish","type":"post","link":"https:\/\/irse-ebi.org\/es\/irse-ebi-se-suma-al-euskaraldia\/","title":{"rendered":"IRSE-EBI se suma al Euskaraldia"},"content":{"rendered":"\n<table class=\"wp-block-table\"><tbody><tr><td>El <strong>Euskaraldia 2020<\/strong> est\u00e1 al llegar, un ejercicio social para cambiar los h\u00e1bitos ling\u00fc\u00edsticos entre los hablantes que entienden el euskera. En 2020, el ejercicio se desarrollar\u00e1 <strong>del 20 de noviembre al 4 de diciembre<\/strong>, y este a\u00f1o, adem\u00e1s de la participaci\u00f3n individual, tambi\u00e9n las entidades podr\u00e1n participar a trav\u00e9s de los <strong>Ariguneak<\/strong>.<br><br>IRSE-EBI participar\u00e1 en el Euskaraldia de este a\u00f1o, por lo que la Comisi\u00f3n de Euskera est\u00e1 en plena labor de crear Ariguneak: <strong>espacios de uso del euskera, d\u00f3nde se garantiza la posibilidad de hablar en euskera<\/strong>, ya sea dentro de la entidad o fuera de ella, en la relaci\u00f3n con la ciudadan\u00eda. <br><br>Existen <strong>dos tipos de Ariguneak<\/strong>:<br><strong> &#8211; Barne Ariguneak:<\/strong> son grupos en los que todos los miembros entienden el euskera. Pueden ser departamentos, secciones, equipos, servicios, grupos. Cada miembro de Arigunea decidir\u00e1 si participa como Ahobizi \u2014entienden euskera, aunque no lo hablar\u00e1n en todos los casos\u2014 como Belarriprest \u2014se comunica siempre en euskera con aquellas personas que lo entienden\u2014. <br><strong> &#8211; Kanpo Ariguneak:<\/strong> est\u00e1 formado por personas que se encuentran en los espacios de relaci\u00f3n con la ciudadan\u00eda, y en ellos se garantizar\u00e1 el servicio en euskera en todo momento.<br><br>La <strong>Comisi\u00f3n de Euskera de IRSE-EBI<\/strong> ya ha identificado algunos Ariguneak y espera encontrar m\u00e1s pr\u00f3ximamente. Adem\u00e1s, en septiembre se celebrar\u00e1 una reuni\u00f3n con todos los centros y servicios para ayudar a identificar esos Ariguneak.<\/td><\/tr><\/tbody><\/table>\n\n\n\n<figure class=\"wp-block-image\"><img loading=\"lazy\" decoding=\"async\" width=\"1024\" height=\"228\" src=\"https:\/\/irse-ebi.org\/wp-content\/uploads\/2020\/07\/web_2-1024x228.jpg\" alt=\"\" class=\"wp-image-18761\" srcset=\"https:\/\/irse-ebi.org\/wp-content\/uploads\/2020\/07\/web_2-1024x228.jpg 1024w, https:\/\/irse-ebi.org\/wp-content\/uploads\/2020\/07\/web_2-300x67.jpg 300w, https:\/\/irse-ebi.org\/wp-content\/uploads\/2020\/07\/web_2-768x171.jpg 768w, https:\/\/irse-ebi.org\/wp-content\/uploads\/2020\/07\/web_2-1260x280.jpg 1260w, https:\/\/irse-ebi.org\/wp-content\/uploads\/2020\/07\/web_2-630x140.jpg 630w, https:\/\/irse-ebi.org\/wp-content\/uploads\/2020\/07\/web_2-420x93.jpg 420w, https:\/\/irse-ebi.org\/wp-content\/uploads\/2020\/07\/web_2-840x187.jpg 840w, https:\/\/irse-ebi.org\/wp-content\/uploads\/2020\/07\/web_2-315x70.jpg 315w, https:\/\/irse-ebi.org\/wp-content\/uploads\/2020\/07\/web_2.jpg 1200w\" sizes=\"auto, (max-width: 1024px) 100vw, 1024px\" \/><\/figure>\n","protected":false},"excerpt":{"rendered":"<p>IRSE-EBI participar\u00e1 en el Euskaraldia de este a\u00f1o, por lo que la Comisi\u00f3n de Euskera est\u00e1 en plena labor de crear Ariguneak<\/p>\n","protected":false},"author":133,"featured_media":18754,"comment_status":"closed","ping_status":"open","sticky":false,"template":"","format":"standard","meta":{"_kad_blocks_custom_css":"","_kad_blocks_head_custom_js":"","_kad_blocks_body_custom_js":"","_kad_blocks_footer_custom_js":"","_kadence_starter_templates_imported_post":false,"_kad_post_transparent":"","_kad_post_title":"","_kad_post_layout":"","_kad_post_sidebar_id":"","_kad_post_content_style":"","_kad_post_vertical_padding":"","_kad_post_feature":"","_kad_post_feature_position":"","_kad_post_header":false,"_kad_post_footer":false,"_kad_post_classname":"","footnotes":""},"categories":[1],"tags":[],"class_list":["post-18751","post","type-post","status-publish","format-standard","has-post-thumbnail","hentry","category-sin-categorizar"],"yoast_head":"<!-- This site is optimized with the Yoast SEO plugin v26.9 - https:\/\/yoast.com\/product\/yoast-seo-wordpress\/ -->\n<title>IRSE-EBI se suma al Euskaraldia - IRSE-EBI<\/title>\n<meta name=\"robots\" content=\"index, follow, max-snippet:-1, max-image-preview:large, max-video-preview:-1\" \/>\n<link rel=\"canonical\" href=\"https:\/\/irse-ebi.org\/es\/irse-ebi-se-suma-al-euskaraldia\/\" \/>\n<meta property=\"og:locale\" content=\"es_ES\" \/>\n<meta property=\"og:type\" content=\"article\" \/>\n<meta property=\"og:title\" content=\"IRSE-EBI se suma al Euskaraldia - IRSE-EBI\" \/>\n<meta property=\"og:description\" content=\"IRSE-EBI participar\u00e1 en el Euskaraldia de este a\u00f1o, por lo que la Comisi\u00f3n de Euskera est\u00e1 en plena labor de crear Ariguneak\" \/>\n<meta property=\"og:url\" content=\"https:\/\/irse-ebi.org\/es\/irse-ebi-se-suma-al-euskaraldia\/\" \/>\n<meta property=\"og:site_name\" content=\"IRSE-EBI\" \/>\n<meta property=\"article:published_time\" content=\"2020-07-13T10:58:45+00:00\" \/>\n<meta property=\"article:modified_time\" content=\"2020-07-21T09:16:17+00:00\" \/>\n<meta property=\"og:image\" content=\"https:\/\/irse-ebi.org\/wp-content\/uploads\/2020\/07\/pantaila-argazkia-2020-07-08-10-25-20endik.png\" \/>\n\t<meta property=\"og:image:width\" content=\"1200\" \/>\n\t<meta property=\"og:image:height\" content=\"675\" \/>\n\t<meta property=\"og:image:type\" content=\"image\/png\" \/>\n<meta name=\"author\" content=\"irse_admin\" \/>\n<meta name=\"twitter:card\" content=\"summary_large_image\" \/>\n<meta name=\"twitter:label1\" content=\"Escrito por\" \/>\n\t<meta name=\"twitter:data1\" content=\"irse_admin\" \/>\n\t<meta name=\"twitter:label2\" content=\"Tiempo de lectura\" \/>\n\t<meta name=\"twitter:data2\" content=\"1 minuto\" \/>\n<script type=\"application\/ld+json\" class=\"yoast-schema-graph\">{\"@context\":\"https:\/\/schema.org\",\"@graph\":[{\"@type\":\"Article\",\"@id\":\"https:\/\/irse-ebi.org\/es\/irse-ebi-se-suma-al-euskaraldia\/#article\",\"isPartOf\":{\"@id\":\"https:\/\/irse-ebi.org\/es\/irse-ebi-se-suma-al-euskaraldia\/\"},\"author\":{\"name\":\"irse_admin\",\"@id\":\"https:\/\/irse-ebi.org\/es\/#\/schema\/person\/2b5239e5e5f23db0e46e081e0906077f\"},\"headline\":\"IRSE-EBI se suma al Euskaraldia\",\"datePublished\":\"2020-07-13T10:58:45+00:00\",\"dateModified\":\"2020-07-21T09:16:17+00:00\",\"mainEntityOfPage\":{\"@id\":\"https:\/\/irse-ebi.org\/es\/irse-ebi-se-suma-al-euskaraldia\/\"},\"wordCount\":250,\"publisher\":{\"@id\":\"https:\/\/irse-ebi.org\/es\/#organization\"},\"image\":{\"@id\":\"https:\/\/irse-ebi.org\/es\/irse-ebi-se-suma-al-euskaraldia\/#primaryimage\"},\"thumbnailUrl\":\"https:\/\/irse-ebi.org\/wp-content\/uploads\/2020\/07\/pantaila-argazkia-2020-07-08-10-25-20endik.png\",\"articleSection\":[\"Sin categorizar\"],\"inLanguage\":\"es\"},{\"@type\":\"WebPage\",\"@id\":\"https:\/\/irse-ebi.org\/es\/irse-ebi-se-suma-al-euskaraldia\/\",\"url\":\"https:\/\/irse-ebi.org\/es\/irse-ebi-se-suma-al-euskaraldia\/\",\"name\":\"IRSE-EBI se suma al Euskaraldia - IRSE-EBI\",\"isPartOf\":{\"@id\":\"https:\/\/irse-ebi.org\/es\/#website\"},\"primaryImageOfPage\":{\"@id\":\"https:\/\/irse-ebi.org\/es\/irse-ebi-se-suma-al-euskaraldia\/#primaryimage\"},\"image\":{\"@id\":\"https:\/\/irse-ebi.org\/es\/irse-ebi-se-suma-al-euskaraldia\/#primaryimage\"},\"thumbnailUrl\":\"https:\/\/irse-ebi.org\/wp-content\/uploads\/2020\/07\/pantaila-argazkia-2020-07-08-10-25-20endik.png\",\"datePublished\":\"2020-07-13T10:58:45+00:00\",\"dateModified\":\"2020-07-21T09:16:17+00:00\",\"breadcrumb\":{\"@id\":\"https:\/\/irse-ebi.org\/es\/irse-ebi-se-suma-al-euskaraldia\/#breadcrumb\"},\"inLanguage\":\"es\",\"potentialAction\":[{\"@type\":\"ReadAction\",\"target\":[\"https:\/\/irse-ebi.org\/es\/irse-ebi-se-suma-al-euskaraldia\/\"]}]},{\"@type\":\"ImageObject\",\"inLanguage\":\"es\",\"@id\":\"https:\/\/irse-ebi.org\/es\/irse-ebi-se-suma-al-euskaraldia\/#primaryimage\",\"url\":\"https:\/\/irse-ebi.org\/wp-content\/uploads\/2020\/07\/pantaila-argazkia-2020-07-08-10-25-20endik.png\",\"contentUrl\":\"https:\/\/irse-ebi.org\/wp-content\/uploads\/2020\/07\/pantaila-argazkia-2020-07-08-10-25-20endik.png\",\"width\":1200,\"height\":675},{\"@type\":\"BreadcrumbList\",\"@id\":\"https:\/\/irse-ebi.org\/es\/irse-ebi-se-suma-al-euskaraldia\/#breadcrumb\",\"itemListElement\":[{\"@type\":\"ListItem\",\"position\":1,\"name\":\"Inicio\",\"item\":\"https:\/\/irse-ebi.org\/es\/\"},{\"@type\":\"ListItem\",\"position\":2,\"name\":\"IRSE-EBI se suma al Euskaraldia\"}]},{\"@type\":\"WebSite\",\"@id\":\"https:\/\/irse-ebi.org\/es\/#website\",\"url\":\"https:\/\/irse-ebi.org\/es\/\",\"name\":\"IRSE-EBI\",\"description\":\"Instituto de Reintegraci\u00f3n Social de Euskadi\",\"publisher\":{\"@id\":\"https:\/\/irse-ebi.org\/es\/#organization\"},\"potentialAction\":[{\"@type\":\"SearchAction\",\"target\":{\"@type\":\"EntryPoint\",\"urlTemplate\":\"https:\/\/irse-ebi.org\/es\/?s={search_term_string}\"},\"query-input\":{\"@type\":\"PropertyValueSpecification\",\"valueRequired\":true,\"valueName\":\"search_term_string\"}}],\"inLanguage\":\"es\"},{\"@type\":\"Organization\",\"@id\":\"https:\/\/irse-ebi.org\/es\/#organization\",\"name\":\"IRSE-EBI\",\"url\":\"https:\/\/irse-ebi.org\/es\/\",\"logo\":{\"@type\":\"ImageObject\",\"inLanguage\":\"es\",\"@id\":\"https:\/\/irse-ebi.org\/es\/#\/schema\/logo\/image\/\",\"url\":\"http:\/\/www.irse-ebi.org.mialias.net\/wp-content\/uploads\/2019\/06\/logo_irse_new200x161-1.png\",\"contentUrl\":\"http:\/\/www.irse-ebi.org.mialias.net\/wp-content\/uploads\/2019\/06\/logo_irse_new200x161-1.png\",\"width\":301,\"height\":161,\"caption\":\"IRSE-EBI\"},\"image\":{\"@id\":\"https:\/\/irse-ebi.org\/es\/#\/schema\/logo\/image\/\"}},{\"@type\":\"Person\",\"@id\":\"https:\/\/irse-ebi.org\/es\/#\/schema\/person\/2b5239e5e5f23db0e46e081e0906077f\",\"name\":\"irse_admin\",\"image\":{\"@type\":\"ImageObject\",\"inLanguage\":\"es\",\"@id\":\"https:\/\/irse-ebi.org\/es\/#\/schema\/person\/image\/\",\"url\":\"https:\/\/secure.gravatar.com\/avatar\/a77615173919025645289221d2ee58c7c730275944487220309b89fdc621293d?s=96&d=mm&r=g\",\"contentUrl\":\"https:\/\/secure.gravatar.com\/avatar\/a77615173919025645289221d2ee58c7c730275944487220309b89fdc621293d?s=96&d=mm&r=g\",\"caption\":\"irse_admin\"}}]}<\/script>\n<!-- \/ Yoast SEO plugin. -->","yoast_head_json":{"title":"IRSE-EBI se suma al Euskaraldia - IRSE-EBI","robots":{"index":"index","follow":"follow","max-snippet":"max-snippet:-1","max-image-preview":"max-image-preview:large","max-video-preview":"max-video-preview:-1"},"canonical":"https:\/\/irse-ebi.org\/es\/irse-ebi-se-suma-al-euskaraldia\/","og_locale":"es_ES","og_type":"article","og_title":"IRSE-EBI se suma al Euskaraldia - IRSE-EBI","og_description":"IRSE-EBI participar\u00e1 en el Euskaraldia de este a\u00f1o, por lo que la Comisi\u00f3n de Euskera est\u00e1 en plena labor de crear Ariguneak","og_url":"https:\/\/irse-ebi.org\/es\/irse-ebi-se-suma-al-euskaraldia\/","og_site_name":"IRSE-EBI","article_published_time":"2020-07-13T10:58:45+00:00","article_modified_time":"2020-07-21T09:16:17+00:00","og_image":[{"width":1200,"height":675,"url":"https:\/\/irse-ebi.org\/wp-content\/uploads\/2020\/07\/pantaila-argazkia-2020-07-08-10-25-20endik.png","type":"image\/png"}],"author":"irse_admin","twitter_card":"summary_large_image","twitter_misc":{"Escrito por":"irse_admin","Tiempo de lectura":"1 minuto"},"schema":{"@context":"https:\/\/schema.org","@graph":[{"@type":"Article","@id":"https:\/\/irse-ebi.org\/es\/irse-ebi-se-suma-al-euskaraldia\/#article","isPartOf":{"@id":"https:\/\/irse-ebi.org\/es\/irse-ebi-se-suma-al-euskaraldia\/"},"author":{"name":"irse_admin","@id":"https:\/\/irse-ebi.org\/es\/#\/schema\/person\/2b5239e5e5f23db0e46e081e0906077f"},"headline":"IRSE-EBI se suma al Euskaraldia","datePublished":"2020-07-13T10:58:45+00:00","dateModified":"2020-07-21T09:16:17+00:00","mainEntityOfPage":{"@id":"https:\/\/irse-ebi.org\/es\/irse-ebi-se-suma-al-euskaraldia\/"},"wordCount":250,"publisher":{"@id":"https:\/\/irse-ebi.org\/es\/#organization"},"image":{"@id":"https:\/\/irse-ebi.org\/es\/irse-ebi-se-suma-al-euskaraldia\/#primaryimage"},"thumbnailUrl":"https:\/\/irse-ebi.org\/wp-content\/uploads\/2020\/07\/pantaila-argazkia-2020-07-08-10-25-20endik.png","articleSection":["Sin categorizar"],"inLanguage":"es"},{"@type":"WebPage","@id":"https:\/\/irse-ebi.org\/es\/irse-ebi-se-suma-al-euskaraldia\/","url":"https:\/\/irse-ebi.org\/es\/irse-ebi-se-suma-al-euskaraldia\/","name":"IRSE-EBI se suma al Euskaraldia - IRSE-EBI","isPartOf":{"@id":"https:\/\/irse-ebi.org\/es\/#website"},"primaryImageOfPage":{"@id":"https:\/\/irse-ebi.org\/es\/irse-ebi-se-suma-al-euskaraldia\/#primaryimage"},"image":{"@id":"https:\/\/irse-ebi.org\/es\/irse-ebi-se-suma-al-euskaraldia\/#primaryimage"},"thumbnailUrl":"https:\/\/irse-ebi.org\/wp-content\/uploads\/2020\/07\/pantaila-argazkia-2020-07-08-10-25-20endik.png","datePublished":"2020-07-13T10:58:45+00:00","dateModified":"2020-07-21T09:16:17+00:00","breadcrumb":{"@id":"https:\/\/irse-ebi.org\/es\/irse-ebi-se-suma-al-euskaraldia\/#breadcrumb"},"inLanguage":"es","potentialAction":[{"@type":"ReadAction","target":["https:\/\/irse-ebi.org\/es\/irse-ebi-se-suma-al-euskaraldia\/"]}]},{"@type":"ImageObject","inLanguage":"es","@id":"https:\/\/irse-ebi.org\/es\/irse-ebi-se-suma-al-euskaraldia\/#primaryimage","url":"https:\/\/irse-ebi.org\/wp-content\/uploads\/2020\/07\/pantaila-argazkia-2020-07-08-10-25-20endik.png","contentUrl":"https:\/\/irse-ebi.org\/wp-content\/uploads\/2020\/07\/pantaila-argazkia-2020-07-08-10-25-20endik.png","width":1200,"height":675},{"@type":"BreadcrumbList","@id":"https:\/\/irse-ebi.org\/es\/irse-ebi-se-suma-al-euskaraldia\/#breadcrumb","itemListElement":[{"@type":"ListItem","position":1,"name":"Inicio","item":"https:\/\/irse-ebi.org\/es\/"},{"@type":"ListItem","position":2,"name":"IRSE-EBI se suma al Euskaraldia"}]},{"@type":"WebSite","@id":"https:\/\/irse-ebi.org\/es\/#website","url":"https:\/\/irse-ebi.org\/es\/","name":"IRSE-EBI","description":"Instituto de Reintegraci\u00f3n Social de Euskadi","publisher":{"@id":"https:\/\/irse-ebi.org\/es\/#organization"},"potentialAction":[{"@type":"SearchAction","target":{"@type":"EntryPoint","urlTemplate":"https:\/\/irse-ebi.org\/es\/?s={search_term_string}"},"query-input":{"@type":"PropertyValueSpecification","valueRequired":true,"valueName":"search_term_string"}}],"inLanguage":"es"},{"@type":"Organization","@id":"https:\/\/irse-ebi.org\/es\/#organization","name":"IRSE-EBI","url":"https:\/\/irse-ebi.org\/es\/","logo":{"@type":"ImageObject","inLanguage":"es","@id":"https:\/\/irse-ebi.org\/es\/#\/schema\/logo\/image\/","url":"http:\/\/www.irse-ebi.org.mialias.net\/wp-content\/uploads\/2019\/06\/logo_irse_new200x161-1.png","contentUrl":"http:\/\/www.irse-ebi.org.mialias.net\/wp-content\/uploads\/2019\/06\/logo_irse_new200x161-1.png","width":301,"height":161,"caption":"IRSE-EBI"},"image":{"@id":"https:\/\/irse-ebi.org\/es\/#\/schema\/logo\/image\/"}},{"@type":"Person","@id":"https:\/\/irse-ebi.org\/es\/#\/schema\/person\/2b5239e5e5f23db0e46e081e0906077f","name":"irse_admin","image":{"@type":"ImageObject","inLanguage":"es","@id":"https:\/\/irse-ebi.org\/es\/#\/schema\/person\/image\/","url":"https:\/\/secure.gravatar.com\/avatar\/a77615173919025645289221d2ee58c7c730275944487220309b89fdc621293d?s=96&d=mm&r=g","contentUrl":"https:\/\/secure.gravatar.com\/avatar\/a77615173919025645289221d2ee58c7c730275944487220309b89fdc621293d?s=96&d=mm&r=g","caption":"irse_admin"}}]}},"taxonomy_info":{"category":[{"value":1,"label":"Sin categorizar"}]},"featured_image_src_large":["https:\/\/irse-ebi.org\/wp-content\/uploads\/2020\/07\/pantaila-argazkia-2020-07-08-10-25-20endik-1024x576.png",1024,576,true],"author_info":{"display_name":"irse_admin","author_link":"https:\/\/irse-ebi.org\/es\/author\/irse_admin\/"},"comment_info":0,"category_info":[{"term_id":1,"name":"Sin categorizar","slug":"sin-categorizar","term_group":0,"term_taxonomy_id":1,"taxonomy":"category","description":"","parent":0,"count":52,"filter":"raw","cat_ID":1,"category_count":52,"category_description":"","cat_name":"Sin categorizar","category_nicename":"sin-categorizar","category_parent":0}],"tag_info":false,"_links":{"self":[{"href":"https:\/\/irse-ebi.org\/es\/wp-json\/wp\/v2\/posts\/18751","targetHints":{"allow":["GET"]}}],"collection":[{"href":"https:\/\/irse-ebi.org\/es\/wp-json\/wp\/v2\/posts"}],"about":[{"href":"https:\/\/irse-ebi.org\/es\/wp-json\/wp\/v2\/types\/post"}],"author":[{"embeddable":true,"href":"https:\/\/irse-ebi.org\/es\/wp-json\/wp\/v2\/users\/133"}],"replies":[{"embeddable":true,"href":"https:\/\/irse-ebi.org\/es\/wp-json\/wp\/v2\/comments?post=18751"}],"version-history":[{"count":0,"href":"https:\/\/irse-ebi.org\/es\/wp-json\/wp\/v2\/posts\/18751\/revisions"}],"wp:featuredmedia":[{"embeddable":true,"href":"https:\/\/irse-ebi.org\/es\/wp-json\/wp\/v2\/media\/18754"}],"wp:attachment":[{"href":"https:\/\/irse-ebi.org\/es\/wp-json\/wp\/v2\/media?parent=18751"}],"wp:term":[{"taxonomy":"category","embeddable":true,"href":"https:\/\/irse-ebi.org\/es\/wp-json\/wp\/v2\/categories?post=18751"},{"taxonomy":"post_tag","embeddable":true,"href":"https:\/\/irse-ebi.org\/es\/wp-json\/wp\/v2\/tags?post=18751"}],"curies":[{"name":"wp","href":"https:\/\/api.w.org\/{rel}","templated":true}]}}